{"id":1300,"date":"2017-03-13T21:58:53","date_gmt":"2017-03-13T20:58:53","guid":{"rendered":"http:\/\/www5.uva.es\/hermeneus\/?p=1300"},"modified":"2019-04-10T13:20:00","modified_gmt":"2019-04-10T11:20:00","slug":"seminars","status":"publish","type":"post","link":"https:\/\/www5.uva.es\/hermeneus\/?p=1300&lang=en","title":{"rendered":"Seminars"},"content":{"rendered":"<p style=\"text-align: center;\"><\/p>\n<ul>\n<li><a href=\"http:\/\/www5.uva.es\/hermeneus\/conferencias\/Confe1LH.pdf\">Dr. Georges Bastin<\/a><br \/><em>April 27, 2006<\/em><\/li>\n<li><a href=\"http:\/\/www5.uva.es\/hermeneus\/conferencias\/Confe2LH.pdf\">Dra. Charlotte Bosseaux<\/a><br \/><em>March 22, 2007<\/em><\/li>\n<li><a href=\"http:\/\/www5.uva.es\/hermeneus\/conferencias\/Confe3LH.pdf\">D\u00aa. Isabel Gonz\u00e1lez-Gallarza &#038; D\u00aa. Carmen Franc\u00ed<\/a><br \/><em>March 28, 2007<\/em><\/li>\n<li><a href=\"http:\/\/www5.uva.es\/hermeneus\/conferencias\/Confe4LH.pdf\">Piotr Romanowski, MPhil<\/a><br \/><em>April 10, 2008<\/em><\/li>\n<li><a href=\"http:\/\/www5.uva.es\/hermeneus\/conferencias\/Confe5LH.pdf\">Dra. Denitza Bogonilova<\/a><br \/><em>May 6, 2008<\/em><\/li>\n<li><a href=\"http:\/\/www5.uva.es\/hermeneus\/conferencias\/Confe6LH.pdf\">Dra. Iwona Kasperska<\/a><br \/><em>April 21, 2009<\/em><\/li>\n<li><a href=\"http:\/\/www5.uva.es\/hermeneus\/conferencias\/Confe7LH.pdf\">Dra. Iwona Kasperska<\/a><br \/><em>April 21, 2009<\/em><\/li>\n<li><a href=\"http:\/\/www5.uva.es\/hermeneus\/conferencias\/Confe8LH.pdf\">D. Charles Tiayon<\/a><br \/><em>May 11, 2009<\/em><\/li>\n<li><a href=\"http:\/\/www5.uva.es\/hermeneus\/conferencias\/Confe9LH.pdf\">Dr. James J. Jewell<\/a><br \/><em>May 5, 2010<\/em><\/li>\n<li><a href=\"http:\/\/www5.uva.es\/hermeneus\/conferencias\/Confe10LH.pdf\">Dr. Glyn Pursglove<\/a><br \/><em>April 5, 2011<\/em><\/li>\n<li><a href=\"http:\/\/www5.uva.es\/hermeneus\/conferencias\/Confe11LH.pdf\">Dr. Gabriel Rodr\u00edguez Pazos<\/a><br \/><em>April 13, 2011<\/em><\/li>\n<li><a href=\"http:\/\/www5.uva.es\/hermeneus\/conferencias\/Confe12LH.pdf\">Dra. Jana Kr\u00e1lov\u00e1<\/a><br \/><em>May 19, 2011<\/em><\/li>\n<li><a href=\"http:\/\/www5.uva.es\/hermeneus\/conferencias\/Confe13LH.pdf\">D\u00f1a. M. Elena Nida<\/a><br \/><em>March 15, 2012<\/em><\/li>\n<li><a href=\"http:\/\/www5.uva.es\/hermeneus\/conferencias\/Confe14LH.pdf\">Prof. Vladimer Luarsabishvili<\/a><br \/><em>April 24, 2012<\/em><\/li>\n<li><a href=\"http:\/\/www5.uva.es\/hermeneus\/conferencias\/Confe15LH.pdf\">Lic. Xabier Lozano<\/a><br \/><em>May 21, 2012<\/em><\/li>\n<li><a href=\"http:\/\/www5.uva.es\/hermeneus\/conferencias\/Confe16LH.pdf\">Lic. Sheila Daroca<\/a><br \/><em>May 14, 2012<\/em><\/li>\n<li><a href=\"http:\/\/www5.uva.es\/hermeneus\/wp-content\/uploads\/Confe17LH.pdf\">Dra. M\u00edriam Sheghiri Dom\u00ednguez<\/a><br \/><em>November 8, 2012<\/em><\/li>\n<li><a href=\"http:\/\/www5.uva.es\/hermeneus\/conferencias\/Confe18LH.pdf\">D\u00f1a. \u00c1ngeles Flores and D. Manuel Guzm\u00e1n<\/a><br \/><em>May 21, 2013<\/em><\/li>\n<li><a href=\"http:\/\/www5.uva.es\/hermeneus\/conferencias\/Confe19LH.pdf\">Prof. Dr. Jos\u00e9 Ram\u00f3n Trujillo<\/a><br \/><em>May 11, 2015<\/em><\/li>\n<li><a href=\"http:\/\/www5.uva.es\/hermeneus\/wp-content\/uploads\/Confe20LH.pdf\">Prof\u00aa. Dra. Patricia Rodr\u00edguez<\/a><br \/><em>May 25, 2016<\/em><\/li>\n<li><a href=\"http:\/\/www5.uva.es\/hermeneus\/wp-content\/uploads\/Confe21LH.pdf\">Prof\u00aa. Dra. Patricia Rodr\u00edguez<\/a><br \/><em>May 26, 2016<\/em><\/li>\n<li><a href=\"http:\/\/www5.uva.es\/hermeneus\/wp-content\/uploads\/Confe22LH.pdf\">Prof. Ella Wehrmeyer<\/a><br \/><em>October 9, 2017<\/em><\/li>\n<li><a href=\"http:\/\/www5.uva.es\/hermeneus\/wp-content\/uploads\/Confe23LH.pdf\">Prof.\u00aa Mar\u00eda Teresa Amido Lozano<\/a><br \/><em>March 20, 2018<\/em><\/li>\n<li><a href=\"http:\/\/www5.uva.es\/hermeneus\/wp-content\/uploads\/Confe24LH.pdf\">Prof. Carlos Sanz Mingo<\/a><br \/><em>March 7, 2019<\/em><\/li>\n<li><a href=\"http:\/\/www5.uva.es\/hermeneus\/wp-content\/uploads\/Confe25LH.pdf\">Dra. Pilar S\u00e1nchez Gij\u00f3n<\/a><br \/><em>March 25, 2019<\/em><\/li>\n<\/ul>\n","protected":false},"excerpt":{"rendered":"<p>Dr. Georges BastinApril 27, 2006 Dra. Charlotte BosseauxMarch 22, 2007 D\u00aa. Isabel Gonz\u00e1lez-Gallarza &#038; D\u00aa. Carmen Franc\u00edMarch 28, 2007 Piotr Romanowski, MPhilApril 10, 2008 Dra. Denitza BogonilovaMay 6, 2008 Dra. Iwona KasperskaApril 21, 2009 Dra. Iwona KasperskaApril 21, 2009 D. Charles TiayonMay 11, 2009 Dr. James J. JewellMay 5, 2010 Dr. Glyn PursgloveApril 5, 2011 [&hellip;]<\/p>\n","protected":false},"author":1,"featured_media":0,"comment_status":"closed","ping_status":"closed","sticky":false,"template":"","format":"standard","meta":{"footnotes":""},"categories":[38],"tags":[],"class_list":["post-1300","post","type-post","status-publish","format-standard","hentry","category-sin-categoria-en"],"_links":{"self":[{"href":"https:\/\/www5.uva.es\/hermeneus\/index.php?rest_route=\/wp\/v2\/posts\/1300","targetHints":{"allow":["GET"]}}],"collection":[{"href":"https:\/\/www5.uva.es\/hermeneus\/index.php?rest_route=\/wp\/v2\/posts"}],"about":[{"href":"https:\/\/www5.uva.es\/hermeneus\/index.php?rest_route=\/wp\/v2\/types\/post"}],"author":[{"embeddable":true,"href":"https:\/\/www5.uva.es\/hermeneus\/index.php?rest_route=\/wp\/v2\/users\/1"}],"replies":[{"embeddable":true,"href":"https:\/\/www5.uva.es\/hermeneus\/index.php?rest_route=%2Fwp%2Fv2%2Fcomments&post=1300"}],"version-history":[{"count":4,"href":"https:\/\/www5.uva.es\/hermeneus\/index.php?rest_route=\/wp\/v2\/posts\/1300\/revisions"}],"predecessor-version":[{"id":1979,"href":"https:\/\/www5.uva.es\/hermeneus\/index.php?rest_route=\/wp\/v2\/posts\/1300\/revisions\/1979"}],"wp:attachment":[{"href":"https:\/\/www5.uva.es\/hermeneus\/index.php?rest_route=%2Fwp%2Fv2%2Fmedia&parent=1300"}],"wp:term":[{"taxonomy":"category","embeddable":true,"href":"https:\/\/www5.uva.es\/hermeneus\/index.php?rest_route=%2Fwp%2Fv2%2Fcategories&post=1300"},{"taxonomy":"post_tag","embeddable":true,"href":"https:\/\/www5.uva.es\/hermeneus\/index.php?rest_route=%2Fwp%2Fv2%2Ftags&post=1300"}],"curies":[{"name":"wp","href":"https:\/\/api.w.org\/{rel}","templated":true}]}}